{"id":599,"date":"2019-01-25T20:44:31","date_gmt":"2019-01-25T20:44:31","guid":{"rendered":"https:\/\/fzg-bad-abbach.de\/?p=599"},"modified":"2019-01-25T20:50:20","modified_gmt":"2019-01-25T20:50:20","slug":"heute-findet-die-generalversammlung-statt","status":"publish","type":"post","link":"https:\/\/fzg-bad-abbach.de\/?p=599","title":{"rendered":"Heute findet die Generalversammlung statt&#8230;"},"content":{"rendered":"<p>&#8230;die Generalversammlung l\u00e4uft auf vollen Touren, die Wahlen fanden bereits statt.<\/p>\n<p>Andreas Diermeier wurde f\u00fcr weitere 2 Jahre in sein amtierendes Amt gew\u00e4hlt, als 2. Sch\u00fctzenmeister wurde Franz Sedlmeier in sein neues Amt gew\u00e4hlt, Christine Sedlmeier wird neue 1. Schriftf\u00fchrerin, Uta Appoltshauser wurde als 2. Schriftf\u00fchrerin best\u00e4tigt, als 1. Feuersch\u00fctzen-Abteilungsleiter wurde Helmut Blaschke best\u00e4tigt, als 2. Feuersch\u00fctzen-Abteilungsleiter wurde Georg Schmidbauer best\u00e4tigt, als 1.Fahnentr\u00e4ger wird Matthias Neumeier neu gew\u00e4hlt, als 2. Fahnentr\u00e4ger wurde Walkter Maag neu gew\u00e4hlt, die zwei Ausschussmitglieder Reinhold Meny und Willi Anetzberger wurden wieder gew\u00e4hlt und als neuer Kassenpr\u00fcfer wurde Ursula Schr\u00f6ppel gew\u00e4hlt.<\/p>\n<p>Gl\u00fcckwunsch an die neue und wieder gew\u00e4hlte Vorstandschaft!<\/p>\n<p>&nbsp;<\/p>\n<p><img decoding=\"async\" loading=\"lazy\" class=\"aligncenter size-full wp-image-603\" src=\"https:\/\/fzg-bad-abbach.de\/wp-content\/uploads\/2019\/01\/B0495631-D289-4F11-B27C-20F95C0DCC17.jpeg\" alt=\"\" width=\"1536\" height=\"2048\" srcset=\"https:\/\/fzg-bad-abbach.de\/wp-content\/uploads\/2019\/01\/B0495631-D289-4F11-B27C-20F95C0DCC17.jpeg 1536w, https:\/\/fzg-bad-abbach.de\/wp-content\/uploads\/2019\/01\/B0495631-D289-4F11-B27C-20F95C0DCC17-225x300.jpeg 225w, https:\/\/fzg-bad-abbach.de\/wp-content\/uploads\/2019\/01\/B0495631-D289-4F11-B27C-20F95C0DCC17-768x1024.jpeg 768w\" sizes=\"(max-width: 1536px) 100vw, 1536px\" \/><\/p>\n","protected":false},"excerpt":{"rendered":"<p>&#8230;die Generalversammlung l\u00e4uft auf vollen Touren, die Wahlen fanden bereits statt. Andreas Diermeier wurde f\u00fcr weitere 2 Jahre in sein amtierendes Amt gew\u00e4hlt, als 2. Sch\u00fctzenmeister wurde Franz Sedlmeier in sein neues Amt gew\u00e4hlt, Christine Sedlmeier wird neue 1. Schriftf\u00fchrerin, Uta Appoltshauser wurde als 2. Schriftf\u00fchrerin best\u00e4tigt, als 1. Feuersch\u00fctzen-Abteilungsleiter wurde Helmut Blaschke best\u00e4tigt, als &hellip; <\/p>\n<p><a class=\"more-link btn\" href=\"https:\/\/fzg-bad-abbach.de\/?p=599\">Weiterlesen<\/a><\/p>\n","protected":false},"author":4,"featured_media":0,"comment_status":"open","ping_status":"open","sticky":false,"template":"","format":"standard","meta":[],"categories":[1],"tags":[],"_links":{"self":[{"href":"https:\/\/fzg-bad-abbach.de\/index.php?rest_route=\/wp\/v2\/posts\/599"}],"collection":[{"href":"https:\/\/fzg-bad-abbach.de\/index.php?rest_route=\/wp\/v2\/posts"}],"about":[{"href":"https:\/\/fzg-bad-abbach.de\/index.php?rest_route=\/wp\/v2\/types\/post"}],"author":[{"embeddable":true,"href":"https:\/\/fzg-bad-abbach.de\/index.php?rest_route=\/wp\/v2\/users\/4"}],"replies":[{"embeddable":true,"href":"https:\/\/fzg-bad-abbach.de\/index.php?rest_route=%2Fwp%2Fv2%2Fcomments&post=599"}],"version-history":[{"count":3,"href":"https:\/\/fzg-bad-abbach.de\/index.php?rest_route=\/wp\/v2\/posts\/599\/revisions"}],"predecessor-version":[{"id":605,"href":"https:\/\/fzg-bad-abbach.de\/index.php?rest_route=\/wp\/v2\/posts\/599\/revisions\/605"}],"wp:attachment":[{"href":"https:\/\/fzg-bad-abbach.de\/index.php?rest_route=%2Fwp%2Fv2%2Fmedia&parent=599"}],"wp:term":[{"taxonomy":"category","embeddable":true,"href":"https:\/\/fzg-bad-abbach.de\/index.php?rest_route=%2Fwp%2Fv2%2Fcategories&post=599"},{"taxonomy":"post_tag","embeddable":true,"href":"https:\/\/fzg-bad-abbach.de\/index.php?rest_route=%2Fwp%2Fv2%2Ftags&post=599"}],"curies":[{"name":"wp","href":"https:\/\/api.w.org\/{rel}","templated":true}]}}