{"id":746,"date":"2022-05-13T19:15:10","date_gmt":"2022-05-13T19:15:10","guid":{"rendered":"https:\/\/fzg-bad-abbach.de\/?p=746"},"modified":"2022-05-13T19:15:10","modified_gmt":"2022-05-13T19:15:10","slug":"ernennung-zum-ehrenschuetzenmeister","status":"publish","type":"post","link":"https:\/\/fzg-bad-abbach.de\/?p=746","title":{"rendered":"Ernennung zum Ehrensch\u00fctzenmeister"},"content":{"rendered":"<p>Bei der heutigen Generalversammlung des FZG Bad Abbach durfte Sch\u00fctzenmeister Andreas Diermeier unseren Sch\u00fctzenbruder Reinhold Meny zum \u201aEhrensch\u00fctzenmeister\u2018 ernennen!<\/p>\n<p><img decoding=\"async\" loading=\"lazy\" class=\"aligncenter size-large wp-image-747\" src=\"https:\/\/fzg-bad-abbach.de\/wp-content\/uploads\/2022\/05\/FEABBF3B-B40F-4F90-AC8E-26948FBB8992-908x1024.jpeg\" alt=\"\" width=\"908\" height=\"1024\" srcset=\"https:\/\/fzg-bad-abbach.de\/wp-content\/uploads\/2022\/05\/FEABBF3B-B40F-4F90-AC8E-26948FBB8992-908x1024.jpeg 908w, https:\/\/fzg-bad-abbach.de\/wp-content\/uploads\/2022\/05\/FEABBF3B-B40F-4F90-AC8E-26948FBB8992-266x300.jpeg 266w, https:\/\/fzg-bad-abbach.de\/wp-content\/uploads\/2022\/05\/FEABBF3B-B40F-4F90-AC8E-26948FBB8992-768x866.jpeg 768w, https:\/\/fzg-bad-abbach.de\/wp-content\/uploads\/2022\/05\/FEABBF3B-B40F-4F90-AC8E-26948FBB8992.jpeg 1817w\" sizes=\"(max-width: 908px) 100vw, 908px\" \/><\/p>\n<p>Gratulation und Danke an Dich, Reinhold!<\/p>\n","protected":false},"excerpt":{"rendered":"<p>Bei der heutigen Generalversammlung des FZG Bad Abbach durfte Sch\u00fctzenmeister Andreas Diermeier unseren Sch\u00fctzenbruder Reinhold Meny zum \u201aEhrensch\u00fctzenmeister\u2018 ernennen! Gratulation und Danke an Dich, Reinhold!<\/p>\n","protected":false},"author":4,"featured_media":0,"comment_status":"open","ping_status":"open","sticky":false,"template":"","format":"standard","meta":[],"categories":[1],"tags":[],"_links":{"self":[{"href":"https:\/\/fzg-bad-abbach.de\/index.php?rest_route=\/wp\/v2\/posts\/746"}],"collection":[{"href":"https:\/\/fzg-bad-abbach.de\/index.php?rest_route=\/wp\/v2\/posts"}],"about":[{"href":"https:\/\/fzg-bad-abbach.de\/index.php?rest_route=\/wp\/v2\/types\/post"}],"author":[{"embeddable":true,"href":"https:\/\/fzg-bad-abbach.de\/index.php?rest_route=\/wp\/v2\/users\/4"}],"replies":[{"embeddable":true,"href":"https:\/\/fzg-bad-abbach.de\/index.php?rest_route=%2Fwp%2Fv2%2Fcomments&post=746"}],"version-history":[{"count":1,"href":"https:\/\/fzg-bad-abbach.de\/index.php?rest_route=\/wp\/v2\/posts\/746\/revisions"}],"predecessor-version":[{"id":748,"href":"https:\/\/fzg-bad-abbach.de\/index.php?rest_route=\/wp\/v2\/posts\/746\/revisions\/748"}],"wp:attachment":[{"href":"https:\/\/fzg-bad-abbach.de\/index.php?rest_route=%2Fwp%2Fv2%2Fmedia&parent=746"}],"wp:term":[{"taxonomy":"category","embeddable":true,"href":"https:\/\/fzg-bad-abbach.de\/index.php?rest_route=%2Fwp%2Fv2%2Fcategories&post=746"},{"taxonomy":"post_tag","embeddable":true,"href":"https:\/\/fzg-bad-abbach.de\/index.php?rest_route=%2Fwp%2Fv2%2Ftags&post=746"}],"curies":[{"name":"wp","href":"https:\/\/api.w.org\/{rel}","templated":true}]}}